{"id":966,"date":"2023-06-02T09:12:50","date_gmt":"2023-06-02T09:12:50","guid":{"rendered":"https:\/\/cepcar.pt\/cepcarmaquinaria\/?p=966"},"modified":"2023-06-02T09:51:26","modified_gmt":"2023-06-02T09:51:26","slug":"distincao-programa-aplauso-millennium-bcp","status":"publish","type":"post","link":"https:\/\/cepcar.pt\/cepcarmaquinaria\/2023\/06\/02\/distincao-programa-aplauso-millennium-bcp\/","title":{"rendered":"Distin\u00e7\u00e3o Programa Cliente Aplauso Millennium BCP"},"content":{"rendered":"\n<p>\u00c9 com enorme orgulho que a Cepcar, Lda, recebe novamente distin\u00e7\u00e3o no Programa Cliente Aplauso do Millennium BCP, esta que vem sendo atribu\u00edda desde 2006.<\/p>\n\n\n\n<p>Agradecemos por esta distin\u00e7\u00e3o que nos vem dar mais motiva\u00e7\u00e3o para fazer sempre mais e melhor, aos nossos clientes e fornecedores e um obrigado especial aos nossos colaboradores que contribuem diariamente com dedica\u00e7\u00e3o e empenho para podermos chegar aqui.<\/p>\n","protected":false},"excerpt":{"rendered":"<p>\u00c9 com enorme orgulho que a Cepcar, Lda, recebe novamente distin\u00e7\u00e3o no Programa Cliente Aplauso do Millennium BCP, esta que vem sendo atribu\u00edda desde 2006. Agradecemos por esta distin\u00e7\u00e3o que nos vem dar mais motiva\u00e7\u00e3o para fazer sempre mais e melhor, aos nossos clientes e fornecedores e um obrigado especial aos nossos colaboradores que contribuem [&hellip;]<\/p>\n","protected":false},"author":2,"featured_media":967,"comment_status":"open","ping_status":"open","sticky":false,"template":"","format":"standard","meta":{"_themeisle_gutenberg_block_has_review":false,"footnotes":""},"categories":[1],"tags":[],"class_list":["post-966","post","type-post","status-publish","format-standard","has-post-thumbnail","hentry","category-uncategorized"],"_links":{"self":[{"href":"https:\/\/cepcar.pt\/cepcarmaquinaria\/wp-json\/wp\/v2\/posts\/966","targetHints":{"allow":["GET"]}}],"collection":[{"href":"https:\/\/cepcar.pt\/cepcarmaquinaria\/wp-json\/wp\/v2\/posts"}],"about":[{"href":"https:\/\/cepcar.pt\/cepcarmaquinaria\/wp-json\/wp\/v2\/types\/post"}],"author":[{"embeddable":true,"href":"https:\/\/cepcar.pt\/cepcarmaquinaria\/wp-json\/wp\/v2\/users\/2"}],"replies":[{"embeddable":true,"href":"https:\/\/cepcar.pt\/cepcarmaquinaria\/wp-json\/wp\/v2\/comments?post=966"}],"version-history":[{"count":4,"href":"https:\/\/cepcar.pt\/cepcarmaquinaria\/wp-json\/wp\/v2\/posts\/966\/revisions"}],"predecessor-version":[{"id":972,"href":"https:\/\/cepcar.pt\/cepcarmaquinaria\/wp-json\/wp\/v2\/posts\/966\/revisions\/972"}],"wp:featuredmedia":[{"embeddable":true,"href":"https:\/\/cepcar.pt\/cepcarmaquinaria\/wp-json\/wp\/v2\/media\/967"}],"wp:attachment":[{"href":"https:\/\/cepcar.pt\/cepcarmaquinaria\/wp-json\/wp\/v2\/media?parent=966"}],"wp:term":[{"taxonomy":"category","embeddable":true,"href":"https:\/\/cepcar.pt\/cepcarmaquinaria\/wp-json\/wp\/v2\/categories?post=966"},{"taxonomy":"post_tag","embeddable":true,"href":"https:\/\/cepcar.pt\/cepcarmaquinaria\/wp-json\/wp\/v2\/tags?post=966"}],"curies":[{"name":"wp","href":"https:\/\/api.w.org\/{rel}","templated":true}]}}